{"id":1259,"date":"2025-03-28T22:37:15","date_gmt":"2025-03-28T18:37:15","guid":{"rendered":"https:\/\/gccvisa.com\/non-classifiee\/gcc-unified-visa-faces-delay-over-security-risks-and-concerns\/"},"modified":"2025-03-29T05:22:53","modified_gmt":"2025-03-29T01:22:53","slug":"gcc-unified-visa-faces-delay-over-security-risks-and-concerns","status":"publish","type":"post","link":"https:\/\/gccvisa.com\/fr\/news\/gcc-unified-visa-faces-delay-over-security-risks-and-concerns\/","title":{"rendered":"Des risques pour la s\u00e9curit\u00e9 invoqu\u00e9s par Oman risquent de retarder le visa unifi\u00e9 du CCG"},"content":{"rendered":"\n<p>Lors d&rsquo;une r\u00e9cente r\u00e9union avec le Conseil de la Shura, le ministre omanais du patrimoine et du tourisme, Salem Al Mahrouqi, a d\u00e9clar\u00e9 que le programme de visa touristique unifi\u00e9 pour les pays du Golfe se trouvait encore dans une \u00ab phase d&rsquo;\u00e9tude \u00bb et qu&rsquo;il \u00e9tait peu probable qu&rsquo;il soit mis en \u0153uvre dans un avenir proche.<\/p>\n\n\n\n<p>Le ministre omanais invoque de nombreuses raisons pour retarder, voire supprimer le programme de visas unifi\u00e9s, notamment :<\/p>\n\n\n\n<ul class=\"wp-block-list\">\n<li>Des questions de s\u00e9curit\u00e9 non r\u00e9solues<\/li>\n\n\n\n<li>Les divergences de points de vue et de politiques entre les pays du Golfe<\/li>\n\n\n\n<li>Les probl\u00e8mes de partage des donn\u00e9es<\/li>\n\n\n\n<li>Un contr\u00f4le insuffisant de l&rsquo;immigration<\/li>\n<\/ul>\n\n\n\n<p>\u00c0 l&rsquo;heure actuelle, les voyageurs qui se rendent dans la r\u00e9gion du Golfe peuvent utiliser le visa unifi\u00e9 du CCG pour se d\u00e9placer sans heurt dans les pays du Golfe. Plut\u00f4t que de passer par le long processus de demande de visas s\u00e9par\u00e9s pour chaque pays qu&rsquo;un voyageur a l&rsquo;intention de visiter, ils peuvent demander le visa unifi\u00e9 du CCG pour entrer au Bahre\u00efn, au Kowe\u00eft, au Qatar, en Arabie saoudite, \u00e0 Oman et aux \u00c9mirats arabes unis (EAU).<\/p>\n\n\n\n<p>Toutefois, le visa est encore en phase de test et, suite aux inqui\u00e9tudes exprim\u00e9es par le ministre omanais et d&rsquo;autres responsables de la r\u00e9gion du Golfe, le programme pourrait \u00eatre retir\u00e9 ou retard\u00e9 plut\u00f4t que d&rsquo;\u00eatre pleinement mis en \u0153uvre.<\/p>\n\n\n\n<p>Malgr\u00e9 cela, le ministre Mahrouqi a admis que la valeur ajout\u00e9e directe du tourisme \u00e0 Oman est pass\u00e9e de 873 millions de rials omanais (environ 2,27 milliards USD) \u00e0 1 milliard de rials omanais (environ 2,6 milliards USD).<\/p>\n","protected":false},"excerpt":{"rendered":"<p>Lors d&rsquo;une r\u00e9cente r\u00e9union avec le Conseil de la Shura, le ministre omanais du patrimoine et du tourisme, Salem Al Mahrouqi, a d\u00e9clar\u00e9 que le programme de visa touristique unifi\u00e9 pour les pays du Golfe se trouvait encore dans une \u00ab phase d&rsquo;\u00e9tude \u00bb et qu&rsquo;il \u00e9tait peu probable qu&rsquo;il soit mis en \u0153uvre dans [&hellip;]<\/p>\n","protected":false},"author":4,"featured_media":1241,"comment_status":"closed","ping_status":"open","sticky":false,"template":"","format":"standard","meta":{"_acf_changed":false,"inline_featured_image":false,"footnotes":""},"categories":[69],"tags":[],"class_list":["post-1259","post","type-post","status-publish","format-standard","has-post-thumbnail","hentry","category-news"],"acf":[],"yoast_head":"<!-- This site is optimized with the Yoast SEO Premium plugin v24.0 (Yoast SEO v25.4) - https:\/\/yoast.com\/wordpress\/plugins\/seo\/ -->\n<title>Le visa unifi\u00e9 du CCG est retard\u00e9 en raison de risques et d&#039;inqui\u00e9tudes en mati\u00e8re de s\u00e9curit\u00e9<\/title>\n<meta name=\"description\" content=\"Le d\u00e9ploiement du visa unifi\u00e9 du CCG est incertain, Oman ayant exprim\u00e9 des inqui\u00e9tudes concernant la s\u00e9curit\u00e9, le contr\u00f4le de l&#039;immigration et le partage des donn\u00e9es.\" \/>\n<meta name=\"robots\" content=\"index, follow, max-snippet:-1, max-image-preview:large, max-video-preview:-1\" \/>\n<link rel=\"canonical\" href=\"https:\/\/gccvisa.com\/fr\/news\/gcc-unified-visa-faces-delay-over-security-risks-and-concerns\/\" \/>\n<meta property=\"og:locale\" content=\"fr_FR\" \/>\n<meta property=\"og:type\" content=\"article\" \/>\n<meta property=\"og:title\" content=\"Le visa unifi\u00e9 du CCG est retard\u00e9 en raison de risques et d&#039;inqui\u00e9tudes en mati\u00e8re de s\u00e9curit\u00e9\" \/>\n<meta property=\"og:description\" content=\"Le d\u00e9ploiement du visa unifi\u00e9 du CCG est incertain, Oman ayant exprim\u00e9 des inqui\u00e9tudes concernant la s\u00e9curit\u00e9, le contr\u00f4le de l&#039;immigration et le partage des donn\u00e9es.\" \/>\n<meta property=\"og:url\" content=\"https:\/\/gccvisa.com\/fr\/news\/gcc-unified-visa-faces-delay-over-security-risks-and-concerns\/\" \/>\n<meta property=\"og:site_name\" content=\"Visa GCC Grand Tours\" \/>\n<meta property=\"article:published_time\" content=\"2025-03-28T18:37:15+00:00\" \/>\n<meta property=\"article:modified_time\" content=\"2025-03-29T01:22:53+00:00\" \/>\n<meta property=\"og:image\" content=\"https:\/\/gccvisa.com\/wp-content\/uploads\/2025\/03\/shutterstock_2485504171.webp\" \/>\n\t<meta property=\"og:image:width\" content=\"1920\" \/>\n\t<meta property=\"og:image:height\" content=\"1280\" \/>\n\t<meta property=\"og:image:type\" content=\"image\/webp\" \/>\n<meta name=\"author\" content=\"Araby\" \/>\n<meta name=\"twitter:card\" content=\"summary_large_image\" \/>\n<meta name=\"twitter:title\" content=\"Des risques pour la s\u00e9curit\u00e9 invoqu\u00e9s par Oman risquent de retarder le visa unifi\u00e9 du CCG\" \/>\n<meta name=\"twitter:label1\" content=\"\u00c9crit par\" \/>\n\t<meta name=\"twitter:data1\" content=\"Araby\" \/>\n\t<meta name=\"twitter:label2\" content=\"Dur\u00e9e de lecture estim\u00e9e\" \/>\n\t<meta name=\"twitter:data2\" content=\"2 minutes\" \/>\n<script type=\"application\/ld+json\" class=\"yoast-schema-graph\">{\"@context\":\"https:\/\/schema.org\",\"@graph\":[{\"@type\":\"WebPage\",\"@id\":\"https:\/\/gccvisa.com\/fr\/news\/gcc-unified-visa-faces-delay-over-security-risks-and-concerns\/\",\"url\":\"https:\/\/gccvisa.com\/fr\/news\/gcc-unified-visa-faces-delay-over-security-risks-and-concerns\/\",\"name\":\"Le visa unifi\u00e9 du CCG est retard\u00e9 en raison de risques et d'inqui\u00e9tudes en mati\u00e8re de s\u00e9curit\u00e9\",\"isPartOf\":{\"@id\":\"https:\/\/gccvisa.com\/fr\/#website\"},\"primaryImageOfPage\":{\"@id\":\"https:\/\/gccvisa.com\/fr\/news\/gcc-unified-visa-faces-delay-over-security-risks-and-concerns\/#primaryimage\"},\"image\":{\"@id\":\"https:\/\/gccvisa.com\/fr\/news\/gcc-unified-visa-faces-delay-over-security-risks-and-concerns\/#primaryimage\"},\"thumbnailUrl\":\"https:\/\/gccvisa.com\/wp-content\/uploads\/2025\/03\/shutterstock_2485504171.webp\",\"datePublished\":\"2025-03-28T18:37:15+00:00\",\"dateModified\":\"2025-03-29T01:22:53+00:00\",\"author\":{\"@id\":\"https:\/\/gccvisa.com\/fr\/#\/schema\/person\/d5be8097bca7ab6ad6bb83bcdbf711c3\"},\"description\":\"Le d\u00e9ploiement du visa unifi\u00e9 du CCG est incertain, Oman ayant exprim\u00e9 des inqui\u00e9tudes concernant la s\u00e9curit\u00e9, le contr\u00f4le de l'immigration et le partage des donn\u00e9es.\",\"breadcrumb\":{\"@id\":\"https:\/\/gccvisa.com\/fr\/news\/gcc-unified-visa-faces-delay-over-security-risks-and-concerns\/#breadcrumb\"},\"inLanguage\":\"fr-FR\",\"potentialAction\":[{\"@type\":\"ReadAction\",\"target\":[\"https:\/\/gccvisa.com\/fr\/news\/gcc-unified-visa-faces-delay-over-security-risks-and-concerns\/\"]}]},{\"@type\":\"ImageObject\",\"inLanguage\":\"fr-FR\",\"@id\":\"https:\/\/gccvisa.com\/fr\/news\/gcc-unified-visa-faces-delay-over-security-risks-and-concerns\/#primaryimage\",\"url\":\"https:\/\/gccvisa.com\/wp-content\/uploads\/2025\/03\/shutterstock_2485504171.webp\",\"contentUrl\":\"https:\/\/gccvisa.com\/wp-content\/uploads\/2025\/03\/shutterstock_2485504171.webp\",\"width\":1920,\"height\":1280},{\"@type\":\"BreadcrumbList\",\"@id\":\"https:\/\/gccvisa.com\/fr\/news\/gcc-unified-visa-faces-delay-over-security-risks-and-concerns\/#breadcrumb\",\"itemListElement\":[{\"@type\":\"ListItem\",\"position\":1,\"name\":\"Home\",\"item\":\"https:\/\/gccvisa.com\/fr\/\"},{\"@type\":\"ListItem\",\"position\":2,\"name\":\"Des risques pour la s\u00e9curit\u00e9 invoqu\u00e9s par Oman risquent de retarder le visa unifi\u00e9 du CCG\"}]},{\"@type\":\"WebSite\",\"@id\":\"https:\/\/gccvisa.com\/fr\/#website\",\"url\":\"https:\/\/gccvisa.com\/fr\/\",\"name\":\"Visa GCC Grand Tours\",\"description\":\"\",\"potentialAction\":[{\"@type\":\"SearchAction\",\"target\":{\"@type\":\"EntryPoint\",\"urlTemplate\":\"https:\/\/gccvisa.com\/fr\/?s={search_term_string}\"},\"query-input\":{\"@type\":\"PropertyValueSpecification\",\"valueRequired\":true,\"valueName\":\"search_term_string\"}}],\"inLanguage\":\"fr-FR\"},{\"@type\":\"Person\",\"@id\":\"https:\/\/gccvisa.com\/fr\/#\/schema\/person\/d5be8097bca7ab6ad6bb83bcdbf711c3\",\"name\":\"Araby\",\"image\":{\"@type\":\"ImageObject\",\"inLanguage\":\"fr-FR\",\"@id\":\"https:\/\/gccvisa.com\/fr\/#\/schema\/person\/image\/\",\"url\":\"https:\/\/secure.gravatar.com\/avatar\/ca9325ee2dad9e2fb376040b50eb2552d86c4a06152dabd59110191f4db8468f?s=96&d=mm&r=g\",\"contentUrl\":\"https:\/\/secure.gravatar.com\/avatar\/ca9325ee2dad9e2fb376040b50eb2552d86c4a06152dabd59110191f4db8468f?s=96&d=mm&r=g\",\"caption\":\"Araby\"},\"url\":\"https:\/\/gccvisa.com\/fr\"}]}<\/script>\n<!-- \/ Yoast SEO Premium plugin. -->","yoast_head_json":{"title":"Le visa unifi\u00e9 du CCG est retard\u00e9 en raison de risques et d'inqui\u00e9tudes en mati\u00e8re de s\u00e9curit\u00e9","description":"Le d\u00e9ploiement du visa unifi\u00e9 du CCG est incertain, Oman ayant exprim\u00e9 des inqui\u00e9tudes concernant la s\u00e9curit\u00e9, le contr\u00f4le de l'immigration et le partage des donn\u00e9es.","robots":{"index":"index","follow":"follow","max-snippet":"max-snippet:-1","max-image-preview":"max-image-preview:large","max-video-preview":"max-video-preview:-1"},"canonical":"https:\/\/gccvisa.com\/fr\/news\/gcc-unified-visa-faces-delay-over-security-risks-and-concerns\/","og_locale":"fr_FR","og_type":"article","og_title":"Le visa unifi\u00e9 du CCG est retard\u00e9 en raison de risques et d'inqui\u00e9tudes en mati\u00e8re de s\u00e9curit\u00e9","og_description":"Le d\u00e9ploiement du visa unifi\u00e9 du CCG est incertain, Oman ayant exprim\u00e9 des inqui\u00e9tudes concernant la s\u00e9curit\u00e9, le contr\u00f4le de l'immigration et le partage des donn\u00e9es.","og_url":"https:\/\/gccvisa.com\/fr\/news\/gcc-unified-visa-faces-delay-over-security-risks-and-concerns\/","og_site_name":"Visa GCC Grand Tours","article_published_time":"2025-03-28T18:37:15+00:00","article_modified_time":"2025-03-29T01:22:53+00:00","og_image":[{"width":1920,"height":1280,"url":"https:\/\/gccvisa.com\/wp-content\/uploads\/2025\/03\/shutterstock_2485504171.webp","type":"image\/webp"}],"author":"Araby","twitter_card":"summary_large_image","twitter_title":"Des risques pour la s\u00e9curit\u00e9 invoqu\u00e9s par Oman risquent de retarder le visa unifi\u00e9 du CCG","twitter_misc":{"\u00c9crit par":"Araby","Dur\u00e9e de lecture estim\u00e9e":"2 minutes"},"schema":{"@context":"https:\/\/schema.org","@graph":[{"@type":"WebPage","@id":"https:\/\/gccvisa.com\/fr\/news\/gcc-unified-visa-faces-delay-over-security-risks-and-concerns\/","url":"https:\/\/gccvisa.com\/fr\/news\/gcc-unified-visa-faces-delay-over-security-risks-and-concerns\/","name":"Le visa unifi\u00e9 du CCG est retard\u00e9 en raison de risques et d'inqui\u00e9tudes en mati\u00e8re de s\u00e9curit\u00e9","isPartOf":{"@id":"https:\/\/gccvisa.com\/fr\/#website"},"primaryImageOfPage":{"@id":"https:\/\/gccvisa.com\/fr\/news\/gcc-unified-visa-faces-delay-over-security-risks-and-concerns\/#primaryimage"},"image":{"@id":"https:\/\/gccvisa.com\/fr\/news\/gcc-unified-visa-faces-delay-over-security-risks-and-concerns\/#primaryimage"},"thumbnailUrl":"https:\/\/gccvisa.com\/wp-content\/uploads\/2025\/03\/shutterstock_2485504171.webp","datePublished":"2025-03-28T18:37:15+00:00","dateModified":"2025-03-29T01:22:53+00:00","author":{"@id":"https:\/\/gccvisa.com\/fr\/#\/schema\/person\/d5be8097bca7ab6ad6bb83bcdbf711c3"},"description":"Le d\u00e9ploiement du visa unifi\u00e9 du CCG est incertain, Oman ayant exprim\u00e9 des inqui\u00e9tudes concernant la s\u00e9curit\u00e9, le contr\u00f4le de l'immigration et le partage des donn\u00e9es.","breadcrumb":{"@id":"https:\/\/gccvisa.com\/fr\/news\/gcc-unified-visa-faces-delay-over-security-risks-and-concerns\/#breadcrumb"},"inLanguage":"fr-FR","potentialAction":[{"@type":"ReadAction","target":["https:\/\/gccvisa.com\/fr\/news\/gcc-unified-visa-faces-delay-over-security-risks-and-concerns\/"]}]},{"@type":"ImageObject","inLanguage":"fr-FR","@id":"https:\/\/gccvisa.com\/fr\/news\/gcc-unified-visa-faces-delay-over-security-risks-and-concerns\/#primaryimage","url":"https:\/\/gccvisa.com\/wp-content\/uploads\/2025\/03\/shutterstock_2485504171.webp","contentUrl":"https:\/\/gccvisa.com\/wp-content\/uploads\/2025\/03\/shutterstock_2485504171.webp","width":1920,"height":1280},{"@type":"BreadcrumbList","@id":"https:\/\/gccvisa.com\/fr\/news\/gcc-unified-visa-faces-delay-over-security-risks-and-concerns\/#breadcrumb","itemListElement":[{"@type":"ListItem","position":1,"name":"Home","item":"https:\/\/gccvisa.com\/fr\/"},{"@type":"ListItem","position":2,"name":"Des risques pour la s\u00e9curit\u00e9 invoqu\u00e9s par Oman risquent de retarder le visa unifi\u00e9 du CCG"}]},{"@type":"WebSite","@id":"https:\/\/gccvisa.com\/fr\/#website","url":"https:\/\/gccvisa.com\/fr\/","name":"Visa GCC Grand Tours","description":"","potentialAction":[{"@type":"SearchAction","target":{"@type":"EntryPoint","urlTemplate":"https:\/\/gccvisa.com\/fr\/?s={search_term_string}"},"query-input":{"@type":"PropertyValueSpecification","valueRequired":true,"valueName":"search_term_string"}}],"inLanguage":"fr-FR"},{"@type":"Person","@id":"https:\/\/gccvisa.com\/fr\/#\/schema\/person\/d5be8097bca7ab6ad6bb83bcdbf711c3","name":"Araby","image":{"@type":"ImageObject","inLanguage":"fr-FR","@id":"https:\/\/gccvisa.com\/fr\/#\/schema\/person\/image\/","url":"https:\/\/secure.gravatar.com\/avatar\/ca9325ee2dad9e2fb376040b50eb2552d86c4a06152dabd59110191f4db8468f?s=96&d=mm&r=g","contentUrl":"https:\/\/secure.gravatar.com\/avatar\/ca9325ee2dad9e2fb376040b50eb2552d86c4a06152dabd59110191f4db8468f?s=96&d=mm&r=g","caption":"Araby"},"url":"https:\/\/gccvisa.com\/fr"}]}},"_links":{"self":[{"href":"https:\/\/gccvisa.com\/fr\/wp-json\/wp\/v2\/posts\/1259","targetHints":{"allow":["GET"]}}],"collection":[{"href":"https:\/\/gccvisa.com\/fr\/wp-json\/wp\/v2\/posts"}],"about":[{"href":"https:\/\/gccvisa.com\/fr\/wp-json\/wp\/v2\/types\/post"}],"author":[{"embeddable":true,"href":"https:\/\/gccvisa.com\/fr\/wp-json\/wp\/v2\/users\/4"}],"replies":[{"embeddable":true,"href":"https:\/\/gccvisa.com\/fr\/wp-json\/wp\/v2\/comments?post=1259"}],"version-history":[{"count":1,"href":"https:\/\/gccvisa.com\/fr\/wp-json\/wp\/v2\/posts\/1259\/revisions"}],"predecessor-version":[{"id":1261,"href":"https:\/\/gccvisa.com\/fr\/wp-json\/wp\/v2\/posts\/1259\/revisions\/1261"}],"wp:featuredmedia":[{"embeddable":true,"href":"https:\/\/gccvisa.com\/fr\/wp-json\/wp\/v2\/media\/1241"}],"wp:attachment":[{"href":"https:\/\/gccvisa.com\/fr\/wp-json\/wp\/v2\/media?parent=1259"}],"wp:term":[{"taxonomy":"category","embeddable":true,"href":"https:\/\/gccvisa.com\/fr\/wp-json\/wp\/v2\/categories?post=1259"},{"taxonomy":"post_tag","embeddable":true,"href":"https:\/\/gccvisa.com\/fr\/wp-json\/wp\/v2\/tags?post=1259"}],"curies":[{"name":"wp","href":"https:\/\/api.w.org\/{rel}","templated":true}]}}