{"id":1193,"date":"2024-11-26T02:29:33","date_gmt":"2024-11-25T22:29:33","guid":{"rendered":"https:\/\/gccvisa.com\/uncategorized-tr\/latest-news-on-the-unified-gcc-visa\/"},"modified":"2024-12-12T18:42:23","modified_gmt":"2024-12-12T14:42:23","slug":"latest-news-on-the-unified-gcc-visa","status":"publish","type":"post","link":"https:\/\/gccvisa.com\/tr\/news\/latest-news-on-the-unified-gcc-visa\/","title":{"rendered":"En Son Birle\u015fik GCC Vizesi haberleri"},"content":{"rendered":"\n<p>GCC Grand Tours Vizesi 2023 y\u0131l\u0131ndan beri g\u00f6r\u00fc\u015f\u00fcl\u00fcyordu ve ge\u00e7en y\u0131l\u0131n kas\u0131m ay\u0131nda, Maskat\u2019ta yap\u0131lan GCC zirvesinde nihayet resm\u00ee onay\u0131 ald\u0131. \u201cGCC Grand Tours\u201d olarak da bilinen bu vize, K\u00f6rfez \u00fclke vatanda\u015f\u0131 olmayan turistlerin Suudi Arabistan, BAE, Bahreyn, Umman, Kuveyt ve Katar\u2019dan olu\u015fan alt\u0131 GCC \u00fclkesine \u00f6zg\u00fcrce seyahat etmesini sa\u011flayacak.<\/p>\n\n\n\n<p>GCC Genel Sekreteri Jassim Mohammed Al-Budaiwi, Asharq News\u2019a yapt\u0131\u011f\u0131 r\u00f6portajda, birle\u015fik turist vizesi konseptinin bu y\u0131l\u0131n sonuna kadar sonu\u00e7land\u0131r\u0131laca\u011f\u0131n\u0131 a\u00e7\u0131klad\u0131. Ayr\u0131ca vizenin \u00e7\u0131k\u0131\u015f tarihinin, son konseptine dayand\u0131r\u0131larak y\u0131l sonuna kadar belirlenece\u011fini de ekledi. Birle\u015fik turist vizesinin amac\u0131, turistleri bu b\u00f6lgeye \u00e7ekip daha uzun s\u00fcre kalmalar\u0131n\u0131 sa\u011flamak ve b\u00f6ylece GCC \u00fclkeleri aras\u0131ndaki ekonomik b\u00fct\u00fcnl\u00fc\u011f\u00fc g\u00fc\u00e7lendirmektir.<\/p>\n\n\n\n<p>Washington\u2019daki y\u0131ll\u0131k Uluslararas\u0131 Para Fonu (IMF) ve D\u00fcnya Bankas\u0131 Grubu\u2019nun (WSG) toplant\u0131lar\u0131nda ger\u00e7ekle\u015fen r\u00f6portajda, Al-Budaiwi, bu yeni projede birle\u015fik bir turist vizesini i\u00e7eren tek bir sistem olu\u015fturmak i\u00e7in mevcut alt\u0131 sistemin bir araya getirilmesi gereklili\u011finden bahsetmi\u015fti. Ayr\u0131ca GCC \u00fclkelerine gitmek isteyen ki\u015filer i\u00e7in birle\u015fik K\u00f6rfez vizesi ya da tek bir \u00fclke vizesine ba\u015fvurma se\u00e7eneklerinin olaca\u011f\u0131n\u0131 belirtti.<\/p>\n\n\n\n<p>BAE Ekonomi Bakan\u0131 Abdullah bin Touq Al Marri, ge\u00e7mi\u015f bir a\u00e7\u0131klamas\u0131nda, vizenin \u00e7\u0131k\u0131\u015f\u0131yla birlikte GCC \u00fclkelerinin turist harcamas\u0131n\u0131 her y\u0131l %8 art\u0131rmay\u0131 ve bunu 2030 y\u0131l\u0131na kadar 188 milyar dolara \u00e7\u0131kartmay\u0131 ama\u00e7lad\u0131klar\u0131n\u0131 s\u00f6yledi.<\/p>\n\n\n\n<p>Al-Budaiwi ayr\u0131ca 2023 y\u0131l\u0131nda tamamlanmas\u0131 beklenen K\u00f6rfez Demiryolu Projesi\u2019nden de bahsetti. GCC Demiryolu, Kuveyt\u2019ten ba\u015flay\u0131p alt\u0131 \u00fclkeyi de birbirine ba\u011flayarak b\u00f6lge i\u00e7indeki ula\u015f\u0131m\u0131 hem turistler hem de ya\u015fanlar i\u00e7in \u00e7ok kolay bir h\u00e2le getirecek. Genel Sekreter demiryolu projesinin ekonomik \u00f6nemini vurgularken baz\u0131 \u00fclkelerin yap\u0131ma ba\u015flad\u0131\u011f\u0131n\u0131, baz\u0131 \u00fclkelerin de projeyi ihaleye \u00e7\u0131kartt\u0131\u011f\u0131ndan bahsetti.<\/p>\n","protected":false},"excerpt":{"rendered":"<p>GCC Grand Tours Vizesi 2023 y\u0131l\u0131ndan beri g\u00f6r\u00fc\u015f\u00fcl\u00fcyordu ve ge\u00e7en y\u0131l\u0131n kas\u0131m ay\u0131nda, Maskat\u2019ta yap\u0131lan GCC zirvesinde nihayet resm\u00ee onay\u0131 ald\u0131. \u201cGCC Grand Tours\u201d olarak da bilinen bu vize, K\u00f6rfez \u00fclke vatanda\u015f\u0131 olmayan turistlerin Suudi Arabistan, BAE, Bahreyn, Umman, Kuveyt ve Katar\u2019dan olu\u015fan alt\u0131 GCC \u00fclkesine \u00f6zg\u00fcrce seyahat etmesini sa\u011flayacak. GCC Genel Sekreteri Jassim Mohammed [&hellip;]<\/p>\n","protected":false},"author":2,"featured_media":1139,"comment_status":"closed","ping_status":"open","sticky":false,"template":"","format":"standard","meta":{"_acf_changed":false,"inline_featured_image":false,"footnotes":""},"categories":[73],"tags":[],"class_list":["post-1193","post","type-post","status-publish","format-standard","has-post-thumbnail","hentry","category-news"],"acf":[],"yoast_head":"<!-- This site is optimized with the Yoast SEO Premium plugin v24.0 (Yoast SEO v25.4) - https:\/\/yoast.com\/wordpress\/plugins\/seo\/ -->\n<title>En G\u00fcncel GCC Birle\u015fik Vizesi Haberleri: \u00c7\u0131k\u0131\u015f Tarihi 2024 Sonunda Belli Oluyor<\/title>\n<meta name=\"description\" content=\"2024\u2019\u00fcn sonunda \u00e7\u0131kmas\u0131 beklenen GCC Grand Tours vizesi, K\u00f6rfez \u00fclkesi vatanda\u015f\u0131 olmayan turistlerin Suudi Arabistan, BAE, Bahreyn, Umman, Kuveyt ve Katar\u2019dan olu\u015fan alt\u0131 GCC \u00fclkesine \u00f6zg\u00fcrce seyahat etmesini sa\u011flayacak.\" \/>\n<meta name=\"robots\" content=\"index, follow, max-snippet:-1, max-image-preview:large, max-video-preview:-1\" \/>\n<link rel=\"canonical\" href=\"https:\/\/gccvisa.com\/tr\/news\/latest-news-on-the-unified-gcc-visa\/\" \/>\n<meta property=\"og:locale\" content=\"tr_TR\" \/>\n<meta property=\"og:type\" content=\"article\" \/>\n<meta property=\"og:title\" content=\"En G\u00fcncel GCC Birle\u015fik Vizesi Haberleri: \u00c7\u0131k\u0131\u015f Tarihi 2024 Sonunda Belli Oluyor\" \/>\n<meta property=\"og:description\" content=\"2024\u2019\u00fcn sonunda \u00e7\u0131kmas\u0131 beklenen GCC Grand Tours vizesi, K\u00f6rfez \u00fclkesi vatanda\u015f\u0131 olmayan turistlerin Suudi Arabistan, BAE, Bahreyn, Umman, Kuveyt ve Katar\u2019dan olu\u015fan alt\u0131 GCC \u00fclkesine \u00f6zg\u00fcrce seyahat etmesini sa\u011flayacak.\" \/>\n<meta property=\"og:url\" content=\"https:\/\/gccvisa.com\/tr\/news\/latest-news-on-the-unified-gcc-visa\/\" \/>\n<meta property=\"og:site_name\" content=\"GCC Grand Tours Vizesi\" \/>\n<meta property=\"article:published_time\" content=\"2024-11-25T22:29:33+00:00\" \/>\n<meta property=\"article:modified_time\" content=\"2024-12-12T14:42:23+00:00\" \/>\n<meta property=\"og:image\" content=\"https:\/\/gccvisa.com\/wp-content\/uploads\/2024\/11\/latest-news-on-the-unified-gcc-visa.webp\" \/>\n\t<meta property=\"og:image:width\" content=\"1980\" \/>\n\t<meta property=\"og:image:height\" content=\"1485\" \/>\n\t<meta property=\"og:image:type\" content=\"image\/webp\" \/>\n<meta name=\"author\" content=\"Maya\" \/>\n<meta name=\"twitter:card\" content=\"summary_large_image\" \/>\n<meta name=\"twitter:title\" content=\"En Son Birle\u015fik GCC Vizesi haberleri\" \/>\n<meta name=\"twitter:label1\" content=\"Yazan:\" \/>\n\t<meta name=\"twitter:data1\" content=\"Maya\" \/>\n\t<meta name=\"twitter:label2\" content=\"Tahmini okuma s\u00fcresi\" \/>\n\t<meta name=\"twitter:data2\" content=\"2 dakika\" \/>\n<script type=\"application\/ld+json\" class=\"yoast-schema-graph\">{\"@context\":\"https:\/\/schema.org\",\"@graph\":[{\"@type\":\"WebPage\",\"@id\":\"https:\/\/gccvisa.com\/tr\/news\/latest-news-on-the-unified-gcc-visa\/\",\"url\":\"https:\/\/gccvisa.com\/tr\/news\/latest-news-on-the-unified-gcc-visa\/\",\"name\":\"En G\u00fcncel GCC Birle\u015fik Vizesi Haberleri: \u00c7\u0131k\u0131\u015f Tarihi 2024 Sonunda Belli Oluyor\",\"isPartOf\":{\"@id\":\"https:\/\/gccvisa.com\/tr\/#website\"},\"primaryImageOfPage\":{\"@id\":\"https:\/\/gccvisa.com\/tr\/news\/latest-news-on-the-unified-gcc-visa\/#primaryimage\"},\"image\":{\"@id\":\"https:\/\/gccvisa.com\/tr\/news\/latest-news-on-the-unified-gcc-visa\/#primaryimage\"},\"thumbnailUrl\":\"https:\/\/gccvisa.com\/wp-content\/uploads\/2024\/11\/latest-news-on-the-unified-gcc-visa.webp\",\"datePublished\":\"2024-11-25T22:29:33+00:00\",\"dateModified\":\"2024-12-12T14:42:23+00:00\",\"author\":{\"@id\":\"https:\/\/gccvisa.com\/tr\/#\/schema\/person\/71a4503ea9b19204554049ec23f700f0\"},\"description\":\"2024\u2019\u00fcn sonunda \u00e7\u0131kmas\u0131 beklenen GCC Grand Tours vizesi, K\u00f6rfez \u00fclkesi vatanda\u015f\u0131 olmayan turistlerin Suudi Arabistan, BAE, Bahreyn, Umman, Kuveyt ve Katar\u2019dan olu\u015fan alt\u0131 GCC \u00fclkesine \u00f6zg\u00fcrce seyahat etmesini sa\u011flayacak.\",\"breadcrumb\":{\"@id\":\"https:\/\/gccvisa.com\/tr\/news\/latest-news-on-the-unified-gcc-visa\/#breadcrumb\"},\"inLanguage\":\"tr\",\"potentialAction\":[{\"@type\":\"ReadAction\",\"target\":[\"https:\/\/gccvisa.com\/tr\/news\/latest-news-on-the-unified-gcc-visa\/\"]}]},{\"@type\":\"ImageObject\",\"inLanguage\":\"tr\",\"@id\":\"https:\/\/gccvisa.com\/tr\/news\/latest-news-on-the-unified-gcc-visa\/#primaryimage\",\"url\":\"https:\/\/gccvisa.com\/wp-content\/uploads\/2024\/11\/latest-news-on-the-unified-gcc-visa.webp\",\"contentUrl\":\"https:\/\/gccvisa.com\/wp-content\/uploads\/2024\/11\/latest-news-on-the-unified-gcc-visa.webp\",\"width\":1980,\"height\":1485,\"caption\":\"latest-news-on-the-unified-gcc-visa\"},{\"@type\":\"BreadcrumbList\",\"@id\":\"https:\/\/gccvisa.com\/tr\/news\/latest-news-on-the-unified-gcc-visa\/#breadcrumb\",\"itemListElement\":[{\"@type\":\"ListItem\",\"position\":1,\"name\":\"Home\",\"item\":\"https:\/\/gccvisa.com\/tr\/\"},{\"@type\":\"ListItem\",\"position\":2,\"name\":\"En Son Birle\u015fik GCC Vizesi haberleri\"}]},{\"@type\":\"WebSite\",\"@id\":\"https:\/\/gccvisa.com\/tr\/#website\",\"url\":\"https:\/\/gccvisa.com\/tr\/\",\"name\":\"GCC Grand Tours Vizesi\",\"description\":\"\",\"potentialAction\":[{\"@type\":\"SearchAction\",\"target\":{\"@type\":\"EntryPoint\",\"urlTemplate\":\"https:\/\/gccvisa.com\/tr\/?s={search_term_string}\"},\"query-input\":{\"@type\":\"PropertyValueSpecification\",\"valueRequired\":true,\"valueName\":\"search_term_string\"}}],\"inLanguage\":\"tr\"},{\"@type\":\"Person\",\"@id\":\"https:\/\/gccvisa.com\/tr\/#\/schema\/person\/71a4503ea9b19204554049ec23f700f0\",\"name\":\"Maya\",\"image\":{\"@type\":\"ImageObject\",\"inLanguage\":\"tr\",\"@id\":\"https:\/\/gccvisa.com\/tr\/#\/schema\/person\/image\/\",\"url\":\"https:\/\/secure.gravatar.com\/avatar\/5d1b7bc506d04322360ca78738c1628611f2c3b87a97977e54da7d051ed5bc7d?s=96&d=mm&r=g\",\"contentUrl\":\"https:\/\/secure.gravatar.com\/avatar\/5d1b7bc506d04322360ca78738c1628611f2c3b87a97977e54da7d051ed5bc7d?s=96&d=mm&r=g\",\"caption\":\"Maya\"},\"url\":\"https:\/\/gccvisa.com\/tr\"}]}<\/script>\n<!-- \/ Yoast SEO Premium plugin. -->","yoast_head_json":{"title":"En G\u00fcncel GCC Birle\u015fik Vizesi Haberleri: \u00c7\u0131k\u0131\u015f Tarihi 2024 Sonunda Belli Oluyor","description":"2024\u2019\u00fcn sonunda \u00e7\u0131kmas\u0131 beklenen GCC Grand Tours vizesi, K\u00f6rfez \u00fclkesi vatanda\u015f\u0131 olmayan turistlerin Suudi Arabistan, BAE, Bahreyn, Umman, Kuveyt ve Katar\u2019dan olu\u015fan alt\u0131 GCC \u00fclkesine \u00f6zg\u00fcrce seyahat etmesini sa\u011flayacak.","robots":{"index":"index","follow":"follow","max-snippet":"max-snippet:-1","max-image-preview":"max-image-preview:large","max-video-preview":"max-video-preview:-1"},"canonical":"https:\/\/gccvisa.com\/tr\/news\/latest-news-on-the-unified-gcc-visa\/","og_locale":"tr_TR","og_type":"article","og_title":"En G\u00fcncel GCC Birle\u015fik Vizesi Haberleri: \u00c7\u0131k\u0131\u015f Tarihi 2024 Sonunda Belli Oluyor","og_description":"2024\u2019\u00fcn sonunda \u00e7\u0131kmas\u0131 beklenen GCC Grand Tours vizesi, K\u00f6rfez \u00fclkesi vatanda\u015f\u0131 olmayan turistlerin Suudi Arabistan, BAE, Bahreyn, Umman, Kuveyt ve Katar\u2019dan olu\u015fan alt\u0131 GCC \u00fclkesine \u00f6zg\u00fcrce seyahat etmesini sa\u011flayacak.","og_url":"https:\/\/gccvisa.com\/tr\/news\/latest-news-on-the-unified-gcc-visa\/","og_site_name":"GCC Grand Tours Vizesi","article_published_time":"2024-11-25T22:29:33+00:00","article_modified_time":"2024-12-12T14:42:23+00:00","og_image":[{"width":1980,"height":1485,"url":"https:\/\/gccvisa.com\/wp-content\/uploads\/2024\/11\/latest-news-on-the-unified-gcc-visa.webp","type":"image\/webp"}],"author":"Maya","twitter_card":"summary_large_image","twitter_title":"En Son Birle\u015fik GCC Vizesi haberleri","twitter_misc":{"Yazan:":"Maya","Tahmini okuma s\u00fcresi":"2 dakika"},"schema":{"@context":"https:\/\/schema.org","@graph":[{"@type":"WebPage","@id":"https:\/\/gccvisa.com\/tr\/news\/latest-news-on-the-unified-gcc-visa\/","url":"https:\/\/gccvisa.com\/tr\/news\/latest-news-on-the-unified-gcc-visa\/","name":"En G\u00fcncel GCC Birle\u015fik Vizesi Haberleri: \u00c7\u0131k\u0131\u015f Tarihi 2024 Sonunda Belli Oluyor","isPartOf":{"@id":"https:\/\/gccvisa.com\/tr\/#website"},"primaryImageOfPage":{"@id":"https:\/\/gccvisa.com\/tr\/news\/latest-news-on-the-unified-gcc-visa\/#primaryimage"},"image":{"@id":"https:\/\/gccvisa.com\/tr\/news\/latest-news-on-the-unified-gcc-visa\/#primaryimage"},"thumbnailUrl":"https:\/\/gccvisa.com\/wp-content\/uploads\/2024\/11\/latest-news-on-the-unified-gcc-visa.webp","datePublished":"2024-11-25T22:29:33+00:00","dateModified":"2024-12-12T14:42:23+00:00","author":{"@id":"https:\/\/gccvisa.com\/tr\/#\/schema\/person\/71a4503ea9b19204554049ec23f700f0"},"description":"2024\u2019\u00fcn sonunda \u00e7\u0131kmas\u0131 beklenen GCC Grand Tours vizesi, K\u00f6rfez \u00fclkesi vatanda\u015f\u0131 olmayan turistlerin Suudi Arabistan, BAE, Bahreyn, Umman, Kuveyt ve Katar\u2019dan olu\u015fan alt\u0131 GCC \u00fclkesine \u00f6zg\u00fcrce seyahat etmesini sa\u011flayacak.","breadcrumb":{"@id":"https:\/\/gccvisa.com\/tr\/news\/latest-news-on-the-unified-gcc-visa\/#breadcrumb"},"inLanguage":"tr","potentialAction":[{"@type":"ReadAction","target":["https:\/\/gccvisa.com\/tr\/news\/latest-news-on-the-unified-gcc-visa\/"]}]},{"@type":"ImageObject","inLanguage":"tr","@id":"https:\/\/gccvisa.com\/tr\/news\/latest-news-on-the-unified-gcc-visa\/#primaryimage","url":"https:\/\/gccvisa.com\/wp-content\/uploads\/2024\/11\/latest-news-on-the-unified-gcc-visa.webp","contentUrl":"https:\/\/gccvisa.com\/wp-content\/uploads\/2024\/11\/latest-news-on-the-unified-gcc-visa.webp","width":1980,"height":1485,"caption":"latest-news-on-the-unified-gcc-visa"},{"@type":"BreadcrumbList","@id":"https:\/\/gccvisa.com\/tr\/news\/latest-news-on-the-unified-gcc-visa\/#breadcrumb","itemListElement":[{"@type":"ListItem","position":1,"name":"Home","item":"https:\/\/gccvisa.com\/tr\/"},{"@type":"ListItem","position":2,"name":"En Son Birle\u015fik GCC Vizesi haberleri"}]},{"@type":"WebSite","@id":"https:\/\/gccvisa.com\/tr\/#website","url":"https:\/\/gccvisa.com\/tr\/","name":"GCC Grand Tours Vizesi","description":"","potentialAction":[{"@type":"SearchAction","target":{"@type":"EntryPoint","urlTemplate":"https:\/\/gccvisa.com\/tr\/?s={search_term_string}"},"query-input":{"@type":"PropertyValueSpecification","valueRequired":true,"valueName":"search_term_string"}}],"inLanguage":"tr"},{"@type":"Person","@id":"https:\/\/gccvisa.com\/tr\/#\/schema\/person\/71a4503ea9b19204554049ec23f700f0","name":"Maya","image":{"@type":"ImageObject","inLanguage":"tr","@id":"https:\/\/gccvisa.com\/tr\/#\/schema\/person\/image\/","url":"https:\/\/secure.gravatar.com\/avatar\/5d1b7bc506d04322360ca78738c1628611f2c3b87a97977e54da7d051ed5bc7d?s=96&d=mm&r=g","contentUrl":"https:\/\/secure.gravatar.com\/avatar\/5d1b7bc506d04322360ca78738c1628611f2c3b87a97977e54da7d051ed5bc7d?s=96&d=mm&r=g","caption":"Maya"},"url":"https:\/\/gccvisa.com\/tr"}]}},"_links":{"self":[{"href":"https:\/\/gccvisa.com\/tr\/wp-json\/wp\/v2\/posts\/1193","targetHints":{"allow":["GET"]}}],"collection":[{"href":"https:\/\/gccvisa.com\/tr\/wp-json\/wp\/v2\/posts"}],"about":[{"href":"https:\/\/gccvisa.com\/tr\/wp-json\/wp\/v2\/types\/post"}],"author":[{"embeddable":true,"href":"https:\/\/gccvisa.com\/tr\/wp-json\/wp\/v2\/users\/2"}],"replies":[{"embeddable":true,"href":"https:\/\/gccvisa.com\/tr\/wp-json\/wp\/v2\/comments?post=1193"}],"version-history":[{"count":1,"href":"https:\/\/gccvisa.com\/tr\/wp-json\/wp\/v2\/posts\/1193\/revisions"}],"predecessor-version":[{"id":1195,"href":"https:\/\/gccvisa.com\/tr\/wp-json\/wp\/v2\/posts\/1193\/revisions\/1195"}],"wp:featuredmedia":[{"embeddable":true,"href":"https:\/\/gccvisa.com\/tr\/wp-json\/wp\/v2\/media\/1139"}],"wp:attachment":[{"href":"https:\/\/gccvisa.com\/tr\/wp-json\/wp\/v2\/media?parent=1193"}],"wp:term":[{"taxonomy":"category","embeddable":true,"href":"https:\/\/gccvisa.com\/tr\/wp-json\/wp\/v2\/categories?post=1193"},{"taxonomy":"post_tag","embeddable":true,"href":"https:\/\/gccvisa.com\/tr\/wp-json\/wp\/v2\/tags?post=1193"}],"curies":[{"name":"wp","href":"https:\/\/api.w.org\/{rel}","templated":true}]}}