{"id":1283,"date":"2025-03-28T22:37:15","date_gmt":"2025-03-28T18:37:15","guid":{"rendered":"https:\/\/gccvisa.com\/uncategorized-tr\/gcc-unified-visa-faces-delay-over-security-risks-and-concerns\/"},"modified":"2025-03-29T22:48:02","modified_gmt":"2025-03-29T18:48:02","slug":"gcc-unified-visa-faces-delay-over-security-risks-and-concerns","status":"publish","type":"post","link":"https:\/\/gccvisa.com\/tr\/news\/gcc-unified-visa-faces-delay-over-security-risks-and-concerns\/","title":{"rendered":"Umman Taraf\u0131ndan \u00d6ne S\u00fcr\u00fclen G\u00fcvenlik Riskleri Birle\u015fik GCC Vizesini Erteleyebilir"},"content":{"rendered":"\n<p>Yak\u0131n zaman \u00f6nce \u015eura Konseyi\u2019nde yap\u0131lan toplant\u0131da konu\u015fan Umman Turizm ve Miras Bakan\u0131 Salem Al Mahrouqi, K\u00f6rfez \u00fclkeleri birle\u015fik turist vizesi program\u0131n\u0131n hen\u00fcz \u201cara\u015ft\u0131rma evresinde\u201d oldu\u011funu ve yak\u0131n gelecekte y\u00fcr\u00fcrl\u00fc\u011fe girmeyece\u011fini belirtti.<\/p>\n\n\n\n<p>Umman bakan\u0131 birle\u015fik vize program\u0131n\u0131n ertelenme ve hatta olas\u0131 rafa kald\u0131r\u0131lma sebebinin a\u015fa\u011f\u0131dakiler oldu\u011funu a\u00e7\u0131klad\u0131:<\/p>\n\n\n\n<ul class=\"wp-block-list\">\n<li>\u00c7\u00f6z\u00fclmeyen g\u00fcvenlik sorunlar\u0131<\/li>\n\n\n\n<li>K\u00f6rfez \u00fclkeleri aras\u0131ndaki farkl\u0131 g\u00f6r\u00fc\u015f ve politikalar<\/li>\n\n\n\n<li>Veri payla\u015f\u0131m\u0131 sorunlar\u0131<\/li>\n\n\n\n<li>Zay\u0131f g\u00f6\u00e7menlik denetimleri<\/li>\n<\/ul>\n\n\n\n<p>\u015eu anda K\u00f6rfez b\u00f6lgesine gitmek isteyen ki\u015filer K\u00f6rfez \u00fclkeleri aras\u0131nda sorunsuz seyahat i\u00e7in Birle\u015fik GCC Vizesi\u2019nden faydalanabilmekteler. Bu ki\u015filer gidecekleri her \u00fclke i\u00e7in ayr\u0131 ayr\u0131 vize \u00e7\u0131karmakla u\u011fra\u015fmak yerine yaln\u0131zca Birle\u015fik GCC Vizesi\u2019ne ba\u015fvurarak Bahreyn, Kuveyt, Katar, Suudi Arabistan, Umman ve Birle\u015fik Arap Emirlikleri\u2019ne (BAE) gidebilirler.<\/p>\n\n\n\n<p>Ancak Umman bakan\u0131 ve K\u00f6rfez \u00fclkelerinin di\u011fer bakanlar\u0131n\u0131n endi\u015feleri nedeniyle h\u00e2l\u00e2 deneme a\u015famas\u0131nda olan bu vize, y\u00fcr\u00fcrl\u00fc\u011fe girmeden rafa kald\u0131r\u0131lma ya da ertelenme riskiyle kar\u015f\u0131 kar\u015f\u0131ya.<\/p>\n\n\n\n<p>Bakan Mahrouqi buna ra\u011fmen Umman\u2019\u0131n turizmden kazand\u0131\u011f\u0131 katma de\u011ferin 873 milyon Umman riyalinden (yakla\u015f\u0131k 2,27 milyar USD) 1 milyar Umman riyaline (yakla\u015f\u0131k 2,6 milyar USD) \u00e7\u0131kt\u0131\u011f\u0131n\u0131 da a\u00e7\u0131klad\u0131.<\/p>\n","protected":false},"excerpt":{"rendered":"<p>Yak\u0131n zaman \u00f6nce \u015eura Konseyi\u2019nde yap\u0131lan toplant\u0131da konu\u015fan Umman Turizm ve Miras Bakan\u0131 Salem Al Mahrouqi, K\u00f6rfez \u00fclkeleri birle\u015fik turist vizesi program\u0131n\u0131n hen\u00fcz \u201cara\u015ft\u0131rma evresinde\u201d oldu\u011funu ve yak\u0131n gelecekte y\u00fcr\u00fcrl\u00fc\u011fe girmeyece\u011fini belirtti. Umman bakan\u0131 birle\u015fik vize program\u0131n\u0131n ertelenme ve hatta olas\u0131 rafa kald\u0131r\u0131lma sebebinin a\u015fa\u011f\u0131dakiler oldu\u011funu a\u00e7\u0131klad\u0131: \u015eu anda K\u00f6rfez b\u00f6lgesine gitmek isteyen ki\u015filer K\u00f6rfez [&hellip;]<\/p>\n","protected":false},"author":4,"featured_media":1247,"comment_status":"closed","ping_status":"open","sticky":false,"template":"","format":"standard","meta":{"_acf_changed":false,"inline_featured_image":false,"footnotes":""},"categories":[73],"tags":[],"class_list":["post-1283","post","type-post","status-publish","format-standard","has-post-thumbnail","hentry","category-news"],"acf":[],"yoast_head":"<!-- This site is optimized with the Yoast SEO Premium plugin v24.0 (Yoast SEO v25.4) - https:\/\/yoast.com\/wordpress\/plugins\/seo\/ -->\n<title>Birle\u015fik GCC Vizesi G\u00fcvenlik Riski ve Endi\u015fesiyle Ertelenebilir<\/title>\n<meta name=\"description\" content=\"Birle\u015fik GCC Vizesi, Umman\u2019\u0131n g\u00fcvenlik, g\u00f6\u00e7menlik kontrol\u00fc ve veri payla\u015f\u0131m\u0131 hakk\u0131ndaki endi\u015feleri sebebiyle riskiyle kar\u015f\u0131 kar\u015f\u0131ya\" \/>\n<meta name=\"robots\" content=\"index, follow, max-snippet:-1, max-image-preview:large, max-video-preview:-1\" \/>\n<link rel=\"canonical\" href=\"https:\/\/gccvisa.com\/tr\/news\/gcc-unified-visa-faces-delay-over-security-risks-and-concerns\/\" \/>\n<meta property=\"og:locale\" content=\"tr_TR\" \/>\n<meta property=\"og:type\" content=\"article\" \/>\n<meta property=\"og:title\" content=\"Birle\u015fik GCC Vizesi G\u00fcvenlik Riski ve Endi\u015fesiyle Ertelenebilir\" \/>\n<meta property=\"og:description\" content=\"Birle\u015fik GCC Vizesi, Umman\u2019\u0131n g\u00fcvenlik, g\u00f6\u00e7menlik kontrol\u00fc ve veri payla\u015f\u0131m\u0131 hakk\u0131ndaki endi\u015feleri sebebiyle riskiyle kar\u015f\u0131 kar\u015f\u0131ya\" \/>\n<meta property=\"og:url\" content=\"https:\/\/gccvisa.com\/tr\/news\/gcc-unified-visa-faces-delay-over-security-risks-and-concerns\/\" \/>\n<meta property=\"og:site_name\" content=\"GCC Grand Tours Vizesi\" \/>\n<meta property=\"article:published_time\" content=\"2025-03-28T18:37:15+00:00\" \/>\n<meta property=\"article:modified_time\" content=\"2025-03-29T18:48:02+00:00\" \/>\n<meta property=\"og:image\" content=\"https:\/\/gccvisa.com\/wp-content\/uploads\/2025\/03\/shutterstock_2485504171.webp\" \/>\n\t<meta property=\"og:image:width\" content=\"1920\" \/>\n\t<meta property=\"og:image:height\" content=\"1280\" \/>\n\t<meta property=\"og:image:type\" content=\"image\/webp\" \/>\n<meta name=\"author\" content=\"Araby\" \/>\n<meta name=\"twitter:card\" content=\"summary_large_image\" \/>\n<meta name=\"twitter:title\" content=\"Umman Taraf\u0131ndan \u00d6ne S\u00fcr\u00fclen G\u00fcvenlik Riskleri Birle\u015fik GCC Vizesini Erteleyebilir\" \/>\n<meta name=\"twitter:label1\" content=\"Yazan:\" \/>\n\t<meta name=\"twitter:data1\" content=\"Araby\" \/>\n\t<meta name=\"twitter:label2\" content=\"Tahmini okuma s\u00fcresi\" \/>\n\t<meta name=\"twitter:data2\" content=\"1 dakika\" \/>\n<script type=\"application\/ld+json\" class=\"yoast-schema-graph\">{\"@context\":\"https:\/\/schema.org\",\"@graph\":[{\"@type\":\"WebPage\",\"@id\":\"https:\/\/gccvisa.com\/tr\/news\/gcc-unified-visa-faces-delay-over-security-risks-and-concerns\/\",\"url\":\"https:\/\/gccvisa.com\/tr\/news\/gcc-unified-visa-faces-delay-over-security-risks-and-concerns\/\",\"name\":\"Birle\u015fik GCC Vizesi G\u00fcvenlik Riski ve Endi\u015fesiyle Ertelenebilir\",\"isPartOf\":{\"@id\":\"https:\/\/gccvisa.com\/tr\/#website\"},\"primaryImageOfPage\":{\"@id\":\"https:\/\/gccvisa.com\/tr\/news\/gcc-unified-visa-faces-delay-over-security-risks-and-concerns\/#primaryimage\"},\"image\":{\"@id\":\"https:\/\/gccvisa.com\/tr\/news\/gcc-unified-visa-faces-delay-over-security-risks-and-concerns\/#primaryimage\"},\"thumbnailUrl\":\"https:\/\/gccvisa.com\/wp-content\/uploads\/2025\/03\/shutterstock_2485504171.webp\",\"datePublished\":\"2025-03-28T18:37:15+00:00\",\"dateModified\":\"2025-03-29T18:48:02+00:00\",\"author\":{\"@id\":\"https:\/\/gccvisa.com\/tr\/#\/schema\/person\/d5be8097bca7ab6ad6bb83bcdbf711c3\"},\"description\":\"Birle\u015fik GCC Vizesi, Umman\u2019\u0131n g\u00fcvenlik, g\u00f6\u00e7menlik kontrol\u00fc ve veri payla\u015f\u0131m\u0131 hakk\u0131ndaki endi\u015feleri sebebiyle riskiyle kar\u015f\u0131 kar\u015f\u0131ya\",\"breadcrumb\":{\"@id\":\"https:\/\/gccvisa.com\/tr\/news\/gcc-unified-visa-faces-delay-over-security-risks-and-concerns\/#breadcrumb\"},\"inLanguage\":\"tr\",\"potentialAction\":[{\"@type\":\"ReadAction\",\"target\":[\"https:\/\/gccvisa.com\/tr\/news\/gcc-unified-visa-faces-delay-over-security-risks-and-concerns\/\"]}]},{\"@type\":\"ImageObject\",\"inLanguage\":\"tr\",\"@id\":\"https:\/\/gccvisa.com\/tr\/news\/gcc-unified-visa-faces-delay-over-security-risks-and-concerns\/#primaryimage\",\"url\":\"https:\/\/gccvisa.com\/wp-content\/uploads\/2025\/03\/shutterstock_2485504171.webp\",\"contentUrl\":\"https:\/\/gccvisa.com\/wp-content\/uploads\/2025\/03\/shutterstock_2485504171.webp\",\"width\":1920,\"height\":1280},{\"@type\":\"BreadcrumbList\",\"@id\":\"https:\/\/gccvisa.com\/tr\/news\/gcc-unified-visa-faces-delay-over-security-risks-and-concerns\/#breadcrumb\",\"itemListElement\":[{\"@type\":\"ListItem\",\"position\":1,\"name\":\"Home\",\"item\":\"https:\/\/gccvisa.com\/tr\/\"},{\"@type\":\"ListItem\",\"position\":2,\"name\":\"Umman Taraf\u0131ndan \u00d6ne S\u00fcr\u00fclen G\u00fcvenlik Riskleri Birle\u015fik GCC Vizesini Erteleyebilir\"}]},{\"@type\":\"WebSite\",\"@id\":\"https:\/\/gccvisa.com\/tr\/#website\",\"url\":\"https:\/\/gccvisa.com\/tr\/\",\"name\":\"GCC Grand Tours Vizesi\",\"description\":\"\",\"potentialAction\":[{\"@type\":\"SearchAction\",\"target\":{\"@type\":\"EntryPoint\",\"urlTemplate\":\"https:\/\/gccvisa.com\/tr\/?s={search_term_string}\"},\"query-input\":{\"@type\":\"PropertyValueSpecification\",\"valueRequired\":true,\"valueName\":\"search_term_string\"}}],\"inLanguage\":\"tr\"},{\"@type\":\"Person\",\"@id\":\"https:\/\/gccvisa.com\/tr\/#\/schema\/person\/d5be8097bca7ab6ad6bb83bcdbf711c3\",\"name\":\"Araby\",\"image\":{\"@type\":\"ImageObject\",\"inLanguage\":\"tr\",\"@id\":\"https:\/\/gccvisa.com\/tr\/#\/schema\/person\/image\/\",\"url\":\"https:\/\/secure.gravatar.com\/avatar\/ca9325ee2dad9e2fb376040b50eb2552d86c4a06152dabd59110191f4db8468f?s=96&d=mm&r=g\",\"contentUrl\":\"https:\/\/secure.gravatar.com\/avatar\/ca9325ee2dad9e2fb376040b50eb2552d86c4a06152dabd59110191f4db8468f?s=96&d=mm&r=g\",\"caption\":\"Araby\"},\"url\":\"https:\/\/gccvisa.com\/tr\"}]}<\/script>\n<!-- \/ Yoast SEO Premium plugin. -->","yoast_head_json":{"title":"Birle\u015fik GCC Vizesi G\u00fcvenlik Riski ve Endi\u015fesiyle Ertelenebilir","description":"Birle\u015fik GCC Vizesi, Umman\u2019\u0131n g\u00fcvenlik, g\u00f6\u00e7menlik kontrol\u00fc ve veri payla\u015f\u0131m\u0131 hakk\u0131ndaki endi\u015feleri sebebiyle riskiyle kar\u015f\u0131 kar\u015f\u0131ya","robots":{"index":"index","follow":"follow","max-snippet":"max-snippet:-1","max-image-preview":"max-image-preview:large","max-video-preview":"max-video-preview:-1"},"canonical":"https:\/\/gccvisa.com\/tr\/news\/gcc-unified-visa-faces-delay-over-security-risks-and-concerns\/","og_locale":"tr_TR","og_type":"article","og_title":"Birle\u015fik GCC Vizesi G\u00fcvenlik Riski ve Endi\u015fesiyle Ertelenebilir","og_description":"Birle\u015fik GCC Vizesi, Umman\u2019\u0131n g\u00fcvenlik, g\u00f6\u00e7menlik kontrol\u00fc ve veri payla\u015f\u0131m\u0131 hakk\u0131ndaki endi\u015feleri sebebiyle riskiyle kar\u015f\u0131 kar\u015f\u0131ya","og_url":"https:\/\/gccvisa.com\/tr\/news\/gcc-unified-visa-faces-delay-over-security-risks-and-concerns\/","og_site_name":"GCC Grand Tours Vizesi","article_published_time":"2025-03-28T18:37:15+00:00","article_modified_time":"2025-03-29T18:48:02+00:00","og_image":[{"width":1920,"height":1280,"url":"https:\/\/gccvisa.com\/wp-content\/uploads\/2025\/03\/shutterstock_2485504171.webp","type":"image\/webp"}],"author":"Araby","twitter_card":"summary_large_image","twitter_title":"Umman Taraf\u0131ndan \u00d6ne S\u00fcr\u00fclen G\u00fcvenlik Riskleri Birle\u015fik GCC Vizesini Erteleyebilir","twitter_misc":{"Yazan:":"Araby","Tahmini okuma s\u00fcresi":"1 dakika"},"schema":{"@context":"https:\/\/schema.org","@graph":[{"@type":"WebPage","@id":"https:\/\/gccvisa.com\/tr\/news\/gcc-unified-visa-faces-delay-over-security-risks-and-concerns\/","url":"https:\/\/gccvisa.com\/tr\/news\/gcc-unified-visa-faces-delay-over-security-risks-and-concerns\/","name":"Birle\u015fik GCC Vizesi G\u00fcvenlik Riski ve Endi\u015fesiyle Ertelenebilir","isPartOf":{"@id":"https:\/\/gccvisa.com\/tr\/#website"},"primaryImageOfPage":{"@id":"https:\/\/gccvisa.com\/tr\/news\/gcc-unified-visa-faces-delay-over-security-risks-and-concerns\/#primaryimage"},"image":{"@id":"https:\/\/gccvisa.com\/tr\/news\/gcc-unified-visa-faces-delay-over-security-risks-and-concerns\/#primaryimage"},"thumbnailUrl":"https:\/\/gccvisa.com\/wp-content\/uploads\/2025\/03\/shutterstock_2485504171.webp","datePublished":"2025-03-28T18:37:15+00:00","dateModified":"2025-03-29T18:48:02+00:00","author":{"@id":"https:\/\/gccvisa.com\/tr\/#\/schema\/person\/d5be8097bca7ab6ad6bb83bcdbf711c3"},"description":"Birle\u015fik GCC Vizesi, Umman\u2019\u0131n g\u00fcvenlik, g\u00f6\u00e7menlik kontrol\u00fc ve veri payla\u015f\u0131m\u0131 hakk\u0131ndaki endi\u015feleri sebebiyle riskiyle kar\u015f\u0131 kar\u015f\u0131ya","breadcrumb":{"@id":"https:\/\/gccvisa.com\/tr\/news\/gcc-unified-visa-faces-delay-over-security-risks-and-concerns\/#breadcrumb"},"inLanguage":"tr","potentialAction":[{"@type":"ReadAction","target":["https:\/\/gccvisa.com\/tr\/news\/gcc-unified-visa-faces-delay-over-security-risks-and-concerns\/"]}]},{"@type":"ImageObject","inLanguage":"tr","@id":"https:\/\/gccvisa.com\/tr\/news\/gcc-unified-visa-faces-delay-over-security-risks-and-concerns\/#primaryimage","url":"https:\/\/gccvisa.com\/wp-content\/uploads\/2025\/03\/shutterstock_2485504171.webp","contentUrl":"https:\/\/gccvisa.com\/wp-content\/uploads\/2025\/03\/shutterstock_2485504171.webp","width":1920,"height":1280},{"@type":"BreadcrumbList","@id":"https:\/\/gccvisa.com\/tr\/news\/gcc-unified-visa-faces-delay-over-security-risks-and-concerns\/#breadcrumb","itemListElement":[{"@type":"ListItem","position":1,"name":"Home","item":"https:\/\/gccvisa.com\/tr\/"},{"@type":"ListItem","position":2,"name":"Umman Taraf\u0131ndan \u00d6ne S\u00fcr\u00fclen G\u00fcvenlik Riskleri Birle\u015fik GCC Vizesini Erteleyebilir"}]},{"@type":"WebSite","@id":"https:\/\/gccvisa.com\/tr\/#website","url":"https:\/\/gccvisa.com\/tr\/","name":"GCC Grand Tours Vizesi","description":"","potentialAction":[{"@type":"SearchAction","target":{"@type":"EntryPoint","urlTemplate":"https:\/\/gccvisa.com\/tr\/?s={search_term_string}"},"query-input":{"@type":"PropertyValueSpecification","valueRequired":true,"valueName":"search_term_string"}}],"inLanguage":"tr"},{"@type":"Person","@id":"https:\/\/gccvisa.com\/tr\/#\/schema\/person\/d5be8097bca7ab6ad6bb83bcdbf711c3","name":"Araby","image":{"@type":"ImageObject","inLanguage":"tr","@id":"https:\/\/gccvisa.com\/tr\/#\/schema\/person\/image\/","url":"https:\/\/secure.gravatar.com\/avatar\/ca9325ee2dad9e2fb376040b50eb2552d86c4a06152dabd59110191f4db8468f?s=96&d=mm&r=g","contentUrl":"https:\/\/secure.gravatar.com\/avatar\/ca9325ee2dad9e2fb376040b50eb2552d86c4a06152dabd59110191f4db8468f?s=96&d=mm&r=g","caption":"Araby"},"url":"https:\/\/gccvisa.com\/tr"}]}},"_links":{"self":[{"href":"https:\/\/gccvisa.com\/tr\/wp-json\/wp\/v2\/posts\/1283","targetHints":{"allow":["GET"]}}],"collection":[{"href":"https:\/\/gccvisa.com\/tr\/wp-json\/wp\/v2\/posts"}],"about":[{"href":"https:\/\/gccvisa.com\/tr\/wp-json\/wp\/v2\/types\/post"}],"author":[{"embeddable":true,"href":"https:\/\/gccvisa.com\/tr\/wp-json\/wp\/v2\/users\/4"}],"replies":[{"embeddable":true,"href":"https:\/\/gccvisa.com\/tr\/wp-json\/wp\/v2\/comments?post=1283"}],"version-history":[{"count":1,"href":"https:\/\/gccvisa.com\/tr\/wp-json\/wp\/v2\/posts\/1283\/revisions"}],"predecessor-version":[{"id":1285,"href":"https:\/\/gccvisa.com\/tr\/wp-json\/wp\/v2\/posts\/1283\/revisions\/1285"}],"wp:featuredmedia":[{"embeddable":true,"href":"https:\/\/gccvisa.com\/tr\/wp-json\/wp\/v2\/media\/1247"}],"wp:attachment":[{"href":"https:\/\/gccvisa.com\/tr\/wp-json\/wp\/v2\/media?parent=1283"}],"wp:term":[{"taxonomy":"category","embeddable":true,"href":"https:\/\/gccvisa.com\/tr\/wp-json\/wp\/v2\/categories?post=1283"},{"taxonomy":"post_tag","embeddable":true,"href":"https:\/\/gccvisa.com\/tr\/wp-json\/wp\/v2\/tags?post=1283"}],"curies":[{"name":"wp","href":"https:\/\/api.w.org\/{rel}","templated":true}]}}