{"id":1360,"date":"2025-06-09T15:30:10","date_gmt":"2025-06-09T11:30:10","guid":{"rendered":"https:\/\/gccvisa.com\/uncategorized-tr\/gcc-unified-visa-to-be-implemented-by-end-of-2025\/"},"modified":"2025-07-05T15:30:30","modified_gmt":"2025-07-05T11:30:30","slug":"gcc-unified-visa-to-be-implemented-by-end-of-2025","status":"publish","type":"post","link":"https:\/\/gccvisa.com\/tr\/news\/gcc-unified-visa-to-be-implemented-by-end-of-2025\/","title":{"rendered":"Birle\u015fik GCC Turist Vizesi 2025\u2019te Kullan\u0131ma Girecek"},"content":{"rendered":"\n<p>K\u00f6rfez Arap \u00dclkeleri \u0130\u015fbirli\u011fi Konseyi (GCC) Genel Sekreteri Jassim Al-Budaiwi, GCC Birle\u015fik Vizesi\u2019nin 2025 sonuna kadar kullan\u0131ma girmesinin beklendi\u011fini a\u00e7\u0131klad\u0131.<\/p>\n\n\n\n<p>Al-Budaiwi bu a\u00e7\u0131klamay\u0131 2 Haziran 2025 Pazartesi g\u00fcn\u00fc Kuveyt\u2019te ger\u00e7ekle\u015fen 146. Ba\u015fkanl\u0131k Konseyi\u2019nde yapm\u0131\u015ft\u0131. Toplant\u0131n\u0131n ba\u015fkanl\u0131\u011f\u0131 Kuveyt D\u0131\u015fi\u015fleri Bakan\u0131 ve Ba\u015fkanl\u0131k Konseyi g\u00fcncel oturumunun ba\u015fkan\u0131 Abdullah Al-Yahya taraf\u0131ndan yap\u0131ld\u0131. Toplant\u0131ya GCC \u00fclkelerinin delegeleri ve d\u0131\u015fi\u015fleri bakanlar\u0131 kat\u0131ld\u0131.<\/p>\n\n\n\n<p>B\u00f6lgeye ili\u015fkin yap\u0131lm\u0131\u015f \u00e7e\u015fitli g\u00f6r\u00fc\u015fmeler s\u0131ras\u0131nda, Al-Budaiwi, birle\u015fik GCC vizesine ili\u015fkin teknik detaylarda b\u00fcy\u00fck bir ilerleme kaydedildi\u011fini ve vizenin 2025 sonuna kadar onaylanaca\u011f\u0131n\u0131 belirtti. Vizenin \u00e7\u0131kmas\u0131yla birlikte, ba\u015fvurular i\u00e7in tek bir online portal kullan\u0131lacak.<\/p>\n\n\n\n<p>GCC Turist Vizesi olarak da bilinen Birle\u015fik GCC Vizesi, b\u00f6lgedeki seyahatleri k\u00f6kten de\u011fi\u015ftirecek \u00e7ok beklenen bir giri\u015fim. Bu vizenin kullan\u0131ma girmesiyle birlikte GCC mukimleri ve uluslararas\u0131 turistler b\u00fct\u00fcn GCC \u00fcye \u00fclkelerini ziyaret etmek i\u00e7in tek bir vizeye internet \u00fczerinden ba\u015fvurabilecek.<\/p>\n\n\n\n<p>Bu yeni vize sistemi b\u00f6lge i\u00e7indeki hareket kabiliyetini art\u0131rarak alt\u0131 GCC \u00fclkesinin turizm gelirini kayda de\u011fer \u015fekilde y\u00fckseltecek. Bu \u00fclkeler; Bahreyn, Kuveyt, Umman, Katar, Suudi Arabistan ve Birle\u015fik Arap Emirlikleri\u2019dir.<\/p>\n\n\n\n<p>\u0130lk g\u00f6r\u00fc\u015fmelerin Ekim 2023\u2019te ba\u015flad\u0131\u011f\u0131 Birle\u015fik GCC Vizesi \u00e7ok say\u0131da ertelemeyle kar\u015f\u0131la\u015fm\u0131\u015ft\u0131. \u0130lk \u00e7\u0131k\u0131\u015f tarihi Aral\u0131k 2024 olarak belirlenen bu vize, Jassim Al-Budaiwi\u2019nin a\u00e7\u0131klamas\u0131na g\u00f6re nihayet bu y\u0131l\u0131n sonunda kullan\u0131ma girecek.<\/p>\n","protected":false},"excerpt":{"rendered":"<p>K\u00f6rfez Arap \u00dclkeleri \u0130\u015fbirli\u011fi Konseyi (GCC) Genel Sekreteri Jassim Al-Budaiwi, GCC Birle\u015fik Vizesi\u2019nin 2025 sonuna kadar kullan\u0131ma girmesinin beklendi\u011fini a\u00e7\u0131klad\u0131. Al-Budaiwi bu a\u00e7\u0131klamay\u0131 2 Haziran 2025 Pazartesi g\u00fcn\u00fc Kuveyt\u2019te ger\u00e7ekle\u015fen 146. Ba\u015fkanl\u0131k Konseyi\u2019nde yapm\u0131\u015ft\u0131. Toplant\u0131n\u0131n ba\u015fkanl\u0131\u011f\u0131 Kuveyt D\u0131\u015fi\u015fleri Bakan\u0131 ve Ba\u015fkanl\u0131k Konseyi g\u00fcncel oturumunun ba\u015fkan\u0131 Abdullah Al-Yahya taraf\u0131ndan yap\u0131ld\u0131. Toplant\u0131ya GCC \u00fclkelerinin delegeleri ve d\u0131\u015fi\u015fleri [&hellip;]<\/p>\n","protected":false},"author":4,"featured_media":1298,"comment_status":"closed","ping_status":"open","sticky":false,"template":"","format":"standard","meta":{"_acf_changed":false,"inline_featured_image":false,"footnotes":""},"categories":[73],"tags":[],"class_list":["post-1360","post","type-post","status-publish","format-standard","has-post-thumbnail","hentry","category-news"],"acf":[],"yoast_head":"<!-- This site is optimized with the Yoast SEO Premium plugin v24.0 (Yoast SEO v25.4) - https:\/\/yoast.com\/wordpress\/plugins\/seo\/ -->\n<title>Birle\u015fik GCC Vizesi 2025 Sonuna Kadar Kullan\u0131ma Girecek<\/title>\n<meta name=\"description\" content=\"GCC\u2019nin birle\u015fik vizeyi 2025 y\u0131l\u0131n\u0131n sonuna kadar \u00e7\u0131kartarak Bahreyn, Kuveyt, Umman, Katar, Suudi Arabistan ve BAE aras\u0131ndaki seyahati kolayla\u015ft\u0131rmas\u0131 bekleniyor.\" \/>\n<meta name=\"robots\" content=\"index, follow, max-snippet:-1, max-image-preview:large, max-video-preview:-1\" \/>\n<link rel=\"canonical\" href=\"https:\/\/gccvisa.com\/tr\/news\/gcc-unified-visa-to-be-implemented-by-end-of-2025\/\" \/>\n<meta property=\"og:locale\" content=\"tr_TR\" \/>\n<meta property=\"og:type\" content=\"article\" \/>\n<meta property=\"og:title\" content=\"Birle\u015fik GCC Vizesi 2025 Sonuna Kadar Kullan\u0131ma Girecek\" \/>\n<meta property=\"og:description\" content=\"GCC\u2019nin birle\u015fik vizeyi 2025 y\u0131l\u0131n\u0131n sonuna kadar \u00e7\u0131kartarak Bahreyn, Kuveyt, Umman, Katar, Suudi Arabistan ve BAE aras\u0131ndaki seyahati kolayla\u015ft\u0131rmas\u0131 bekleniyor.\" \/>\n<meta property=\"og:url\" content=\"https:\/\/gccvisa.com\/tr\/news\/gcc-unified-visa-to-be-implemented-by-end-of-2025\/\" \/>\n<meta property=\"og:site_name\" content=\"GCC Grand Tours Vizesi\" \/>\n<meta property=\"article:published_time\" content=\"2025-06-09T11:30:10+00:00\" \/>\n<meta property=\"article:modified_time\" content=\"2025-07-05T11:30:30+00:00\" \/>\n<meta property=\"og:image\" content=\"https:\/\/gccvisa.com\/wp-content\/uploads\/2025\/06\/gcc-visa.webp\" \/>\n\t<meta property=\"og:image:width\" content=\"1920\" \/>\n\t<meta property=\"og:image:height\" content=\"1280\" \/>\n\t<meta property=\"og:image:type\" content=\"image\/webp\" \/>\n<meta name=\"author\" content=\"Araby\" \/>\n<meta name=\"twitter:card\" content=\"summary_large_image\" \/>\n<meta name=\"twitter:title\" content=\"Birle\u015fik GCC Turist Vizesi 2025\u2019te Kullan\u0131ma Girecek\" \/>\n<meta name=\"twitter:label1\" content=\"Yazan:\" \/>\n\t<meta name=\"twitter:data1\" content=\"Araby\" \/>\n\t<meta name=\"twitter:label2\" content=\"Tahmini okuma s\u00fcresi\" \/>\n\t<meta name=\"twitter:data2\" content=\"2 dakika\" \/>\n<script type=\"application\/ld+json\" class=\"yoast-schema-graph\">{\"@context\":\"https:\/\/schema.org\",\"@graph\":[{\"@type\":\"WebPage\",\"@id\":\"https:\/\/gccvisa.com\/tr\/news\/gcc-unified-visa-to-be-implemented-by-end-of-2025\/\",\"url\":\"https:\/\/gccvisa.com\/tr\/news\/gcc-unified-visa-to-be-implemented-by-end-of-2025\/\",\"name\":\"Birle\u015fik GCC Vizesi 2025 Sonuna Kadar Kullan\u0131ma Girecek\",\"isPartOf\":{\"@id\":\"https:\/\/gccvisa.com\/tr\/#website\"},\"primaryImageOfPage\":{\"@id\":\"https:\/\/gccvisa.com\/tr\/news\/gcc-unified-visa-to-be-implemented-by-end-of-2025\/#primaryimage\"},\"image\":{\"@id\":\"https:\/\/gccvisa.com\/tr\/news\/gcc-unified-visa-to-be-implemented-by-end-of-2025\/#primaryimage\"},\"thumbnailUrl\":\"https:\/\/gccvisa.com\/wp-content\/uploads\/2025\/06\/gcc-visa.webp\",\"datePublished\":\"2025-06-09T11:30:10+00:00\",\"dateModified\":\"2025-07-05T11:30:30+00:00\",\"author\":{\"@id\":\"https:\/\/gccvisa.com\/tr\/#\/schema\/person\/d5be8097bca7ab6ad6bb83bcdbf711c3\"},\"description\":\"GCC\u2019nin birle\u015fik vizeyi 2025 y\u0131l\u0131n\u0131n sonuna kadar \u00e7\u0131kartarak Bahreyn, Kuveyt, Umman, Katar, Suudi Arabistan ve BAE aras\u0131ndaki seyahati kolayla\u015ft\u0131rmas\u0131 bekleniyor.\",\"breadcrumb\":{\"@id\":\"https:\/\/gccvisa.com\/tr\/news\/gcc-unified-visa-to-be-implemented-by-end-of-2025\/#breadcrumb\"},\"inLanguage\":\"tr\",\"potentialAction\":[{\"@type\":\"ReadAction\",\"target\":[\"https:\/\/gccvisa.com\/tr\/news\/gcc-unified-visa-to-be-implemented-by-end-of-2025\/\"]}]},{\"@type\":\"ImageObject\",\"inLanguage\":\"tr\",\"@id\":\"https:\/\/gccvisa.com\/tr\/news\/gcc-unified-visa-to-be-implemented-by-end-of-2025\/#primaryimage\",\"url\":\"https:\/\/gccvisa.com\/wp-content\/uploads\/2025\/06\/gcc-visa.webp\",\"contentUrl\":\"https:\/\/gccvisa.com\/wp-content\/uploads\/2025\/06\/gcc-visa.webp\",\"width\":1920,\"height\":1280},{\"@type\":\"BreadcrumbList\",\"@id\":\"https:\/\/gccvisa.com\/tr\/news\/gcc-unified-visa-to-be-implemented-by-end-of-2025\/#breadcrumb\",\"itemListElement\":[{\"@type\":\"ListItem\",\"position\":1,\"name\":\"Home\",\"item\":\"https:\/\/gccvisa.com\/tr\/\"},{\"@type\":\"ListItem\",\"position\":2,\"name\":\"Birle\u015fik GCC Turist Vizesi 2025\u2019te Kullan\u0131ma Girecek\"}]},{\"@type\":\"WebSite\",\"@id\":\"https:\/\/gccvisa.com\/tr\/#website\",\"url\":\"https:\/\/gccvisa.com\/tr\/\",\"name\":\"GCC Grand Tours Vizesi\",\"description\":\"\",\"potentialAction\":[{\"@type\":\"SearchAction\",\"target\":{\"@type\":\"EntryPoint\",\"urlTemplate\":\"https:\/\/gccvisa.com\/tr\/?s={search_term_string}\"},\"query-input\":{\"@type\":\"PropertyValueSpecification\",\"valueRequired\":true,\"valueName\":\"search_term_string\"}}],\"inLanguage\":\"tr\"},{\"@type\":\"Person\",\"@id\":\"https:\/\/gccvisa.com\/tr\/#\/schema\/person\/d5be8097bca7ab6ad6bb83bcdbf711c3\",\"name\":\"Araby\",\"image\":{\"@type\":\"ImageObject\",\"inLanguage\":\"tr\",\"@id\":\"https:\/\/gccvisa.com\/tr\/#\/schema\/person\/image\/\",\"url\":\"https:\/\/secure.gravatar.com\/avatar\/ca9325ee2dad9e2fb376040b50eb2552d86c4a06152dabd59110191f4db8468f?s=96&d=mm&r=g\",\"contentUrl\":\"https:\/\/secure.gravatar.com\/avatar\/ca9325ee2dad9e2fb376040b50eb2552d86c4a06152dabd59110191f4db8468f?s=96&d=mm&r=g\",\"caption\":\"Araby\"},\"url\":\"https:\/\/gccvisa.com\/tr\"}]}<\/script>\n<!-- \/ Yoast SEO Premium plugin. -->","yoast_head_json":{"title":"Birle\u015fik GCC Vizesi 2025 Sonuna Kadar Kullan\u0131ma Girecek","description":"GCC\u2019nin birle\u015fik vizeyi 2025 y\u0131l\u0131n\u0131n sonuna kadar \u00e7\u0131kartarak Bahreyn, Kuveyt, Umman, Katar, Suudi Arabistan ve BAE aras\u0131ndaki seyahati kolayla\u015ft\u0131rmas\u0131 bekleniyor.","robots":{"index":"index","follow":"follow","max-snippet":"max-snippet:-1","max-image-preview":"max-image-preview:large","max-video-preview":"max-video-preview:-1"},"canonical":"https:\/\/gccvisa.com\/tr\/news\/gcc-unified-visa-to-be-implemented-by-end-of-2025\/","og_locale":"tr_TR","og_type":"article","og_title":"Birle\u015fik GCC Vizesi 2025 Sonuna Kadar Kullan\u0131ma Girecek","og_description":"GCC\u2019nin birle\u015fik vizeyi 2025 y\u0131l\u0131n\u0131n sonuna kadar \u00e7\u0131kartarak Bahreyn, Kuveyt, Umman, Katar, Suudi Arabistan ve BAE aras\u0131ndaki seyahati kolayla\u015ft\u0131rmas\u0131 bekleniyor.","og_url":"https:\/\/gccvisa.com\/tr\/news\/gcc-unified-visa-to-be-implemented-by-end-of-2025\/","og_site_name":"GCC Grand Tours Vizesi","article_published_time":"2025-06-09T11:30:10+00:00","article_modified_time":"2025-07-05T11:30:30+00:00","og_image":[{"width":1920,"height":1280,"url":"https:\/\/gccvisa.com\/wp-content\/uploads\/2025\/06\/gcc-visa.webp","type":"image\/webp"}],"author":"Araby","twitter_card":"summary_large_image","twitter_title":"Birle\u015fik GCC Turist Vizesi 2025\u2019te Kullan\u0131ma Girecek","twitter_misc":{"Yazan:":"Araby","Tahmini okuma s\u00fcresi":"2 dakika"},"schema":{"@context":"https:\/\/schema.org","@graph":[{"@type":"WebPage","@id":"https:\/\/gccvisa.com\/tr\/news\/gcc-unified-visa-to-be-implemented-by-end-of-2025\/","url":"https:\/\/gccvisa.com\/tr\/news\/gcc-unified-visa-to-be-implemented-by-end-of-2025\/","name":"Birle\u015fik GCC Vizesi 2025 Sonuna Kadar Kullan\u0131ma Girecek","isPartOf":{"@id":"https:\/\/gccvisa.com\/tr\/#website"},"primaryImageOfPage":{"@id":"https:\/\/gccvisa.com\/tr\/news\/gcc-unified-visa-to-be-implemented-by-end-of-2025\/#primaryimage"},"image":{"@id":"https:\/\/gccvisa.com\/tr\/news\/gcc-unified-visa-to-be-implemented-by-end-of-2025\/#primaryimage"},"thumbnailUrl":"https:\/\/gccvisa.com\/wp-content\/uploads\/2025\/06\/gcc-visa.webp","datePublished":"2025-06-09T11:30:10+00:00","dateModified":"2025-07-05T11:30:30+00:00","author":{"@id":"https:\/\/gccvisa.com\/tr\/#\/schema\/person\/d5be8097bca7ab6ad6bb83bcdbf711c3"},"description":"GCC\u2019nin birle\u015fik vizeyi 2025 y\u0131l\u0131n\u0131n sonuna kadar \u00e7\u0131kartarak Bahreyn, Kuveyt, Umman, Katar, Suudi Arabistan ve BAE aras\u0131ndaki seyahati kolayla\u015ft\u0131rmas\u0131 bekleniyor.","breadcrumb":{"@id":"https:\/\/gccvisa.com\/tr\/news\/gcc-unified-visa-to-be-implemented-by-end-of-2025\/#breadcrumb"},"inLanguage":"tr","potentialAction":[{"@type":"ReadAction","target":["https:\/\/gccvisa.com\/tr\/news\/gcc-unified-visa-to-be-implemented-by-end-of-2025\/"]}]},{"@type":"ImageObject","inLanguage":"tr","@id":"https:\/\/gccvisa.com\/tr\/news\/gcc-unified-visa-to-be-implemented-by-end-of-2025\/#primaryimage","url":"https:\/\/gccvisa.com\/wp-content\/uploads\/2025\/06\/gcc-visa.webp","contentUrl":"https:\/\/gccvisa.com\/wp-content\/uploads\/2025\/06\/gcc-visa.webp","width":1920,"height":1280},{"@type":"BreadcrumbList","@id":"https:\/\/gccvisa.com\/tr\/news\/gcc-unified-visa-to-be-implemented-by-end-of-2025\/#breadcrumb","itemListElement":[{"@type":"ListItem","position":1,"name":"Home","item":"https:\/\/gccvisa.com\/tr\/"},{"@type":"ListItem","position":2,"name":"Birle\u015fik GCC Turist Vizesi 2025\u2019te Kullan\u0131ma Girecek"}]},{"@type":"WebSite","@id":"https:\/\/gccvisa.com\/tr\/#website","url":"https:\/\/gccvisa.com\/tr\/","name":"GCC Grand Tours Vizesi","description":"","potentialAction":[{"@type":"SearchAction","target":{"@type":"EntryPoint","urlTemplate":"https:\/\/gccvisa.com\/tr\/?s={search_term_string}"},"query-input":{"@type":"PropertyValueSpecification","valueRequired":true,"valueName":"search_term_string"}}],"inLanguage":"tr"},{"@type":"Person","@id":"https:\/\/gccvisa.com\/tr\/#\/schema\/person\/d5be8097bca7ab6ad6bb83bcdbf711c3","name":"Araby","image":{"@type":"ImageObject","inLanguage":"tr","@id":"https:\/\/gccvisa.com\/tr\/#\/schema\/person\/image\/","url":"https:\/\/secure.gravatar.com\/avatar\/ca9325ee2dad9e2fb376040b50eb2552d86c4a06152dabd59110191f4db8468f?s=96&d=mm&r=g","contentUrl":"https:\/\/secure.gravatar.com\/avatar\/ca9325ee2dad9e2fb376040b50eb2552d86c4a06152dabd59110191f4db8468f?s=96&d=mm&r=g","caption":"Araby"},"url":"https:\/\/gccvisa.com\/tr"}]}},"_links":{"self":[{"href":"https:\/\/gccvisa.com\/tr\/wp-json\/wp\/v2\/posts\/1360","targetHints":{"allow":["GET"]}}],"collection":[{"href":"https:\/\/gccvisa.com\/tr\/wp-json\/wp\/v2\/posts"}],"about":[{"href":"https:\/\/gccvisa.com\/tr\/wp-json\/wp\/v2\/types\/post"}],"author":[{"embeddable":true,"href":"https:\/\/gccvisa.com\/tr\/wp-json\/wp\/v2\/users\/4"}],"replies":[{"embeddable":true,"href":"https:\/\/gccvisa.com\/tr\/wp-json\/wp\/v2\/comments?post=1360"}],"version-history":[{"count":1,"href":"https:\/\/gccvisa.com\/tr\/wp-json\/wp\/v2\/posts\/1360\/revisions"}],"predecessor-version":[{"id":1362,"href":"https:\/\/gccvisa.com\/tr\/wp-json\/wp\/v2\/posts\/1360\/revisions\/1362"}],"wp:featuredmedia":[{"embeddable":true,"href":"https:\/\/gccvisa.com\/tr\/wp-json\/wp\/v2\/media\/1298"}],"wp:attachment":[{"href":"https:\/\/gccvisa.com\/tr\/wp-json\/wp\/v2\/media?parent=1360"}],"wp:term":[{"taxonomy":"category","embeddable":true,"href":"https:\/\/gccvisa.com\/tr\/wp-json\/wp\/v2\/categories?post=1360"},{"taxonomy":"post_tag","embeddable":true,"href":"https:\/\/gccvisa.com\/tr\/wp-json\/wp\/v2\/tags?post=1360"}],"curies":[{"name":"wp","href":"https:\/\/api.w.org\/{rel}","templated":true}]}}